{"id":296304,"date":"2025-03-24T13:38:17","date_gmt":"2025-03-24T12:38:17","guid":{"rendered":"https:\/\/os-ivanovec.skole.hr\/?p=296304"},"modified":"2025-03-24T13:47:32","modified_gmt":"2025-03-24T12:47:32","slug":"zelenom-cistkom-ureden-okolis-skole","status":"publish","type":"post","link":"https:\/\/os-ivanovec.skole.hr\/?p=296304","title":{"rendered":"Zelenom \u010distkom ure\u0111en okoli\u0161 \u0161kole"},"content":{"rendered":"\n<p><\/p>\n\n\n\n<p><\/p>\n\n\n\n<p>U subotu se u organizaciji Grada \u010cakovca i Vije\u0107a mjesnog odbora Ivanovec odr\u017eala ekolo\u0161ka akcija Zelena \u010distka. Akcija je prvenstveno namijenjena uklanjanju sme\u0107a iz okoli\u0161a. Na\u0161 \u0161kolski vrt je tom prilikom u sklopu akcije osvje\u017een novim biljkama, drve\u0107em i cvije\u0107em. U akciji su sudjelovali djelatnici \u0161kole, ravnateljica i \u010dlanovi brojnih udruga iz Ivanovca i \u0160tefanca. Jedva \u010dekamo toplije dane kako bi na\u0161 \u0161kolski vrt zasjao novim sjajem i vedrim bojama. Ure\u0111enje okoli\u0161a nastavljaju u\u010denici \u0161kole, sadnog materijala ima jo\u0161 mnogo, a koordinira ih i vodi u\u010diteljica Biologije Marija Puri\u0107 &#8211; Hranjec. <\/p>\n\n\n\n<p>Hvala svima koji su sudjelovali i izdvojili svoje vrijeme i potrudili se da nam \u0161kolski vrt zasja!!<\/p>\n\n\n\n<figure class=\"wp-block-image size-large\"><img decoding=\"async\" width=\"1024\" height=\"682\" src=\"https:\/\/os-ivanovec.skole.hr\/wp-content\/uploads\/sites\/1042\/2025\/03\/viber_slika_2025-03-24_11-21-54-514-1024x682.jpg\" alt=\"\" class=\"wp-image-296322\" srcset=\"https:\/\/os-ivanovec.skole.hr\/wp-content\/uploads\/sites\/1042\/2025\/03\/viber_slika_2025-03-24_11-21-54-514-980x653.jpg 980w, https:\/\/os-ivanovec.skole.hr\/wp-content\/uploads\/sites\/1042\/2025\/03\/viber_slika_2025-03-24_11-21-54-514-480x320.jpg 480w\" sizes=\"(min-width: 0px) and (max-width: 480px) 480px, (min-width: 481px) and (max-width: 980px) 980px, (min-width: 981px) 1024px, 100vw\" \/><\/figure>\n\n\n\n<figure class=\"wp-block-image size-large\"><img decoding=\"async\" width=\"1024\" height=\"682\" src=\"https:\/\/os-ivanovec.skole.hr\/wp-content\/uploads\/sites\/1042\/2025\/03\/viber_slika_2025-03-24_11-21-54-940-1-1024x682.jpg\" alt=\"\" class=\"wp-image-296328\" srcset=\"https:\/\/os-ivanovec.skole.hr\/wp-content\/uploads\/sites\/1042\/2025\/03\/viber_slika_2025-03-24_11-21-54-940-1-980x653.jpg 980w, https:\/\/os-ivanovec.skole.hr\/wp-content\/uploads\/sites\/1042\/2025\/03\/viber_slika_2025-03-24_11-21-54-940-1-480x320.jpg 480w\" sizes=\"(min-width: 0px) and (max-width: 480px) 480px, (min-width: 481px) and (max-width: 980px) 980px, (min-width: 981px) 1024px, 100vw\" \/><\/figure>\n\n\n\n<figure class=\"wp-block-image size-large\"><img decoding=\"async\" width=\"1024\" height=\"682\" src=\"https:\/\/os-ivanovec.skole.hr\/wp-content\/uploads\/sites\/1042\/2025\/03\/viber_slika_2025-03-24_11-21-55-383-1024x682.jpg\" alt=\"\" class=\"wp-image-296331\" srcset=\"https:\/\/os-ivanovec.skole.hr\/wp-content\/uploads\/sites\/1042\/2025\/03\/viber_slika_2025-03-24_11-21-55-383-980x653.jpg 980w, https:\/\/os-ivanovec.skole.hr\/wp-content\/uploads\/sites\/1042\/2025\/03\/viber_slika_2025-03-24_11-21-55-383-480x320.jpg 480w\" sizes=\"(min-width: 0px) and (max-width: 480px) 480px, (min-width: 481px) and (max-width: 980px) 980px, (min-width: 981px) 1024px, 100vw\" \/><\/figure>\n\n\n\n<figure class=\"wp-block-image size-large\"><img decoding=\"async\" width=\"1024\" height=\"682\" src=\"https:\/\/os-ivanovec.skole.hr\/wp-content\/uploads\/sites\/1042\/2025\/03\/viber_slika_2025-03-24_11-21-55-801-1024x682.jpg\" alt=\"\" class=\"wp-image-296334\" srcset=\"https:\/\/os-ivanovec.skole.hr\/wp-content\/uploads\/sites\/1042\/2025\/03\/viber_slika_2025-03-24_11-21-55-801-980x653.jpg 980w, https:\/\/os-ivanovec.skole.hr\/wp-content\/uploads\/sites\/1042\/2025\/03\/viber_slika_2025-03-24_11-21-55-801-480x320.jpg 480w\" sizes=\"(min-width: 0px) and (max-width: 480px) 480px, (min-width: 481px) and (max-width: 980px) 980px, (min-width: 981px) 1024px, 100vw\" \/><\/figure>\n","protected":false},"excerpt":{"rendered":"<p>U subotu se u organizaciji Grada \u010cakovca i Vije\u0107a mjesnog odbora Ivanovec odr\u017eala ekolo\u0161ka akcija Zelena \u010distka. Akcija je prvenstveno namijenjena uklanjanju sme\u0107a iz okoli\u0161a. Na\u0161 \u0161kolski vrt je tom prilikom u sklopu akcije osvje\u017een novim biljkama, drve\u0107em i cvije\u0107em. U akciji su sudjelovali djelatnici \u0161kole, ravnateljica i \u010dlanovi brojnih udruga iz Ivanovca i \u0160tefanca. [&hellip;]<\/p>\n","protected":false},"author":12355,"featured_media":296307,"comment_status":"closed","ping_status":"closed","sticky":false,"template":"","format":"standard","meta":{"_et_pb_use_builder":"off","_et_pb_old_content":"","_et_gb_content_width":"","footnotes":""},"categories":[45,38],"tags":[69,75,72],"class_list":["post-296304","post","type-post","status-publish","format-standard","has-post-thumbnail","hentry","category-naslovnica","category-vijesti","tag-ekologija","tag-okolis","tag-vrt"],"_links":{"self":[{"href":"https:\/\/os-ivanovec.skole.hr\/index.php?rest_route=\/wp\/v2\/posts\/296304","targetHints":{"allow":["GET"]}}],"collection":[{"href":"https:\/\/os-ivanovec.skole.hr\/index.php?rest_route=\/wp\/v2\/posts"}],"about":[{"href":"https:\/\/os-ivanovec.skole.hr\/index.php?rest_route=\/wp\/v2\/types\/post"}],"author":[{"embeddable":true,"href":"https:\/\/os-ivanovec.skole.hr\/index.php?rest_route=\/wp\/v2\/users\/12355"}],"replies":[{"embeddable":true,"href":"https:\/\/os-ivanovec.skole.hr\/index.php?rest_route=%2Fwp%2Fv2%2Fcomments&post=296304"}],"version-history":[{"count":4,"href":"https:\/\/os-ivanovec.skole.hr\/index.php?rest_route=\/wp\/v2\/posts\/296304\/revisions"}],"predecessor-version":[{"id":296337,"href":"https:\/\/os-ivanovec.skole.hr\/index.php?rest_route=\/wp\/v2\/posts\/296304\/revisions\/296337"}],"wp:featuredmedia":[{"embeddable":true,"href":"https:\/\/os-ivanovec.skole.hr\/index.php?rest_route=\/wp\/v2\/media\/296307"}],"wp:attachment":[{"href":"https:\/\/os-ivanovec.skole.hr\/index.php?rest_route=%2Fwp%2Fv2%2Fmedia&parent=296304"}],"wp:term":[{"taxonomy":"category","embeddable":true,"href":"https:\/\/os-ivanovec.skole.hr\/index.php?rest_route=%2Fwp%2Fv2%2Fcategories&post=296304"},{"taxonomy":"post_tag","embeddable":true,"href":"https:\/\/os-ivanovec.skole.hr\/index.php?rest_route=%2Fwp%2Fv2%2Ftags&post=296304"}],"curies":[{"name":"wp","href":"https:\/\/api.w.org\/{rel}","templated":true}]}}