{"id":296130,"date":"2025-03-12T14:53:35","date_gmt":"2025-03-12T13:53:35","guid":{"rendered":"https:\/\/os-ivanovec.skole.hr\/?p=296130"},"modified":"2025-03-12T14:53:36","modified_gmt":"2025-03-12T13:53:36","slug":"obavijest_upisi-u-1-razred","status":"publish","type":"post","link":"https:\/\/os-ivanovec.skole.hr\/?p=296130","title":{"rendered":"Obavijest_Upisi u 1. razred"},"content":{"rendered":"\n<p>UPRAVNI ODJEL ZA OBRAZOVANJE,<\/p>\n\n\n\n<p>KULTURU I SPORT ME\u0110IMURSKE \u017dUPANIJE<\/p>\n\n\n\n<p>\u010cakovec, 7.3.2025.<\/p>\n\n\n\n<p>OSNOVNIM \u0160KOLAMA U ME\u0110IMURSKOJ \u017dUPANIJI<\/p>\n\n\n\n<p>&nbsp;&#8211; s v i m a &#8211;<\/p>\n\n\n\n<p>Po\u0161tovani,<\/p>\n\n\n\n<p>molimo vas da obavijestite roditelje\/skrbnike koji jo\u0161 nisu predali zahtjev za redovan upis djece u prvi razred osnovne \u0161kole u \u0161kolskoj godini 2025.\/2026.&nbsp;da postupak predaje zahtjeva za redovan upis treba dovr\u0161iti i predati do 15.3.2025.<\/p>\n\n\n\n<p>Za roditelje koji nemaju vjerodajnicu e &#8211; Gra\u0111ani zahtjev u sustav unosi administrator \u0161kole.&nbsp; &nbsp;<\/p>\n\n\n\n<p>Djeca koja \u0107e se \u0161kolovati izvan RH:<\/p>\n\n\n\n<ul class=\"wp-block-list\">\n<li>ukoliko imate provjerenu informaciju ili dokumentaciju da \u0107e dijete poha\u0111ati \u0161kolu izvan Republike Hrvatske,\u00a0molimo\u00a0vas\u00a0da nam na e-mail dostavite ime, prezime i OIB djeteta\u00a0<\/li>\n\n\n\n<li>administrator upravnog odjela \u0107e u sustav evidentirati za dijete oznaku &#8220;nije kandidat za upis&#8221; i staviti napomenu da \u0107e poha\u0111ati \u0161kolu izvan RH.<\/li>\n<\/ul>\n\n\n\n<p>S po\u0161tovanjem,&nbsp; &nbsp; &nbsp; &nbsp; &nbsp; &nbsp; &nbsp; &nbsp; &nbsp;&nbsp;<\/p>\n\n\n\n<p>Dijana Augusti\u0107, stru\u010dna suradnica<br>e-mail: &nbsp;dijana.augustic@medjimurska-zupanija.hr<br>tel: 040\/374-112<\/p>\n\n\n\n<p>ME\u0110IMURSKA \u017dUPANIJA&nbsp; &nbsp; &nbsp;&nbsp;<br>Upravni odjel za obrazovanje, kulturu i sport<br>40000 \u010cakovec, \u010cakovec, Ru\u0111era Bo\u0161kovi\u0107a 2<\/p>\n","protected":false},"excerpt":{"rendered":"<p>UPRAVNI ODJEL ZA OBRAZOVANJE, KULTURU I SPORT ME\u0110IMURSKE \u017dUPANIJE \u010cakovec, 7.3.2025. OSNOVNIM \u0160KOLAMA U ME\u0110IMURSKOJ \u017dUPANIJI &nbsp;&#8211; s v i m a &#8211; Po\u0161tovani, molimo vas da obavijestite roditelje\/skrbnike koji jo\u0161 nisu predali zahtjev za redovan upis djece u prvi razred osnovne \u0161kole u \u0161kolskoj godini 2025.\/2026.&nbsp;da postupak predaje zahtjeva za redovan upis treba dovr\u0161iti [&hellip;]<\/p>\n","protected":false},"author":1096,"featured_media":0,"comment_status":"closed","ping_status":"closed","sticky":false,"template":"","format":"standard","meta":{"_et_pb_use_builder":"off","_et_pb_old_content":"","_et_gb_content_width":"","footnotes":""},"categories":[45],"tags":[],"class_list":["post-296130","post","type-post","status-publish","format-standard","hentry","category-naslovnica"],"_links":{"self":[{"href":"https:\/\/os-ivanovec.skole.hr\/index.php?rest_route=\/wp\/v2\/posts\/296130","targetHints":{"allow":["GET"]}}],"collection":[{"href":"https:\/\/os-ivanovec.skole.hr\/index.php?rest_route=\/wp\/v2\/posts"}],"about":[{"href":"https:\/\/os-ivanovec.skole.hr\/index.php?rest_route=\/wp\/v2\/types\/post"}],"author":[{"embeddable":true,"href":"https:\/\/os-ivanovec.skole.hr\/index.php?rest_route=\/wp\/v2\/users\/1096"}],"replies":[{"embeddable":true,"href":"https:\/\/os-ivanovec.skole.hr\/index.php?rest_route=%2Fwp%2Fv2%2Fcomments&post=296130"}],"version-history":[{"count":1,"href":"https:\/\/os-ivanovec.skole.hr\/index.php?rest_route=\/wp\/v2\/posts\/296130\/revisions"}],"predecessor-version":[{"id":296133,"href":"https:\/\/os-ivanovec.skole.hr\/index.php?rest_route=\/wp\/v2\/posts\/296130\/revisions\/296133"}],"wp:attachment":[{"href":"https:\/\/os-ivanovec.skole.hr\/index.php?rest_route=%2Fwp%2Fv2%2Fmedia&parent=296130"}],"wp:term":[{"taxonomy":"category","embeddable":true,"href":"https:\/\/os-ivanovec.skole.hr\/index.php?rest_route=%2Fwp%2Fv2%2Fcategories&post=296130"},{"taxonomy":"post_tag","embeddable":true,"href":"https:\/\/os-ivanovec.skole.hr\/index.php?rest_route=%2Fwp%2Fv2%2Ftags&post=296130"}],"curies":[{"name":"wp","href":"https:\/\/api.w.org\/{rel}","templated":true}]}}